{"id":95002,"date":"2023-11-19T15:58:11","date_gmt":"2023-11-19T23:58:11","guid":{"rendered":"https:\/\/www.musicmundial.com\/en\/?p=95002"},"modified":"2023-11-19T15:58:11","modified_gmt":"2023-11-19T23:58:11","slug":"this-is-gabriel-mongenot-another-fan-who-lost-his-life-attending-the-taylor-swift-concert-in-brazil","status":"publish","type":"post","link":"https:\/\/www.musicmundial.com\/en\/this-is-gabriel-mongenot-another-fan-who-lost-his-life-attending-the-taylor-swift-concert-in-brazil\/","title":{"rendered":"This is Gabriel Mongenot, another fan who lost his life attending the Taylor Swift concert in Brazil"},"content":{"rendered":"<p>The &#8216;<strong>The Eras Tour<\/strong>&#8216; arrives in Brazil, and another <strong>Taylor Swift<\/strong> fan dies while trying to attend the concert. This 25-year-old young man, who was in Rio de Janeiro with the intention of enjoying the show of the American singer, was the victim of a <strong>robbery<\/strong> that ended his life after being stabbed by 3 criminals.<\/p>\n<p>The boy was identified as <strong>Gabriel Mongenot Santana Milhomem Santos<\/strong>, another fan who lost his life attending the Taylor Swift concert, and it was two members of the police who found the lifeless body on the beach. The officers managed to capture 2 suspects, one of whom was Anderson Henriques, who confessed his participation in the <strong>murder<\/strong> of the young tourist.<\/p>\n<figure class=\"wp-block-pullquote\">\n        <blockquote hcb-fetch-image-from=\"https:\/\/twitter.com\/alertanews24\/status\/1726263915040927860?s=48&amp;t=epjEeSO-mQT_eeM2017zCw\" class=\"twitter-tweet\" data-width=\"550\" data-dnt=\"true\">\n<p lang=\"es\" dir=\"ltr\">\ud83c\udde7\ud83c\uddf7 | AHORA: Los sospechosos de matar la madrugada de este domingo al joven turista Gabriel Mongenot ya ten\u00edan antecedentes penales por otros delitos y dos de ellos hab\u00edan sido detenidos con las manos en la masa el pasado viernes y extra\u00f1amente liberados el s\u00e1bado.<\/p>\n<p>Gabriel, de\u2026 <a href=\"https:\/\/t.co\/EOxKtSTBuG\">pic.twitter.com\/EOxKtSTBuG<\/a><\/p>\n<p>&mdash; Alerta News 24 (@AlertaNews24) <a href=\"https:\/\/twitter.com\/AlertaNews24\/status\/1726263915040927860?ref_src=twsrc%5Etfw\" target=\"_blank\" rel=\"noopener\">November 19, 2023<\/a><\/p><\/blockquote>\n        <\/figure>\n        \n<p><script async src=\"https:\/\/platform.twitter.com\/widgets.js\" charset=\"utf-8\"><\/script><\/p>\n<p>The tourist, Gabriel Mongenot, from Mato Grosso do Sul, only had the illusion of seeing his favorite pop star live, but unfortunately, he found himself in an unexpected situation of <strong>danger<\/strong> that ended his life. Upon hearing the news, some fans of Taylor manifested through social networks and joined the mourning of his family.<\/p>\n<p>The tragic situation was generated around 3 a.m. on November 19th, and the most curious thing is that the <strong>suspects<\/strong> of the murder had been caught by the <strong>police<\/strong> the day before while performing a robbery but were immediately released under suspicious conditions.<\/p>\n","protected":false},"excerpt":{"rendered":"<p>The &#8216;The Eras Tour&#8216; arrives in Brazil, and another Taylor Swift fan dies while trying to attend the concert. This 25-year-old young man, who was in Rio de Janeiro with the intention of enjoying the show of the American singer, was the victim of a robbery that ended his life after being stabbed by 3 [&hellip;]<\/p>\n","protected":false},"author":2817,"featured_media":95057,"comment_status":"open","ping_status":"open","sticky":false,"template":"","format":"standard","meta":{"footnotes":""},"categories":[2264,4],"tags":[22],"class_list":{"0":"post-95002","1":"post","2":"type-post","3":"status-publish","4":"format-standard","5":"has-post-thumbnail","7":"category-entertainment","8":"category-pop","9":"tag-taylor-swift"},"amp_enabled":true,"_links":{"self":[{"href":"https:\/\/www.musicmundial.com\/en\/wp-json\/wp\/v2\/posts\/95002","targetHints":{"allow":["GET"]}}],"collection":[{"href":"https:\/\/www.musicmundial.com\/en\/wp-json\/wp\/v2\/posts"}],"about":[{"href":"https:\/\/www.musicmundial.com\/en\/wp-json\/wp\/v2\/types\/post"}],"author":[{"embeddable":true,"href":"https:\/\/www.musicmundial.com\/en\/wp-json\/wp\/v2\/users\/2817"}],"replies":[{"embeddable":true,"href":"https:\/\/www.musicmundial.com\/en\/wp-json\/wp\/v2\/comments?post=95002"}],"version-history":[{"count":0,"href":"https:\/\/www.musicmundial.com\/en\/wp-json\/wp\/v2\/posts\/95002\/revisions"}],"wp:featuredmedia":[{"embeddable":true,"href":"https:\/\/www.musicmundial.com\/en\/wp-json\/wp\/v2\/media\/95057"}],"wp:attachment":[{"href":"https:\/\/www.musicmundial.com\/en\/wp-json\/wp\/v2\/media?parent=95002"}],"wp:term":[{"taxonomy":"category","embeddable":true,"href":"https:\/\/www.musicmundial.com\/en\/wp-json\/wp\/v2\/categories?post=95002"},{"taxonomy":"post_tag","embeddable":true,"href":"https:\/\/www.musicmundial.com\/en\/wp-json\/wp\/v2\/tags?post=95002"}],"curies":[{"name":"wp","href":"https:\/\/api.w.org\/{rel}","templated":true}]}}