{"id":94875,"date":"2023-11-18T08:24:38","date_gmt":"2023-11-18T16:24:38","guid":{"rendered":"https:\/\/www.musicmundial.com\/en\/?p=94875"},"modified":"2023-11-18T08:24:38","modified_gmt":"2023-11-18T16:24:38","slug":"taylor-swift-the-rio-de-janeiro-mayor-announces-new-measurements-after-a-fan-died-in-the-eras-tour","status":"publish","type":"post","link":"https:\/\/www.musicmundial.com\/en\/taylor-swift-the-rio-de-janeiro-mayor-announces-new-measurements-after-a-fan-died-in-the-eras-tour\/","title":{"rendered":"Taylor Swift: the Rio de Janeiro mayor announces new measurements after a fan died in The Eras Tour"},"content":{"rendered":"<p><strong><em>&#8220;The Eras Tour&#8221;<\/em><\/strong> by <strong>Taylor Swift<\/strong> kicked off in <strong>Rio de Janeiro, Brazil<\/strong>, yesterday, November 17th. Tragically, fan <strong>Ana Benevidez<\/strong> passed and approximately 1,000 concert-goers fainted. This was due to the extreme weather conditions and the poor logistics the T4T Entertainment company had while coordinating the show.<\/p>\n<p><img loading=\"lazy\" loading=\"lazy\" decoding=\"async\" class=\"alignnone size-full wp-image-94881\" src=\"https:\/\/www.musicmundial.com\/en\/wp-content\/uploads\/2023\/11\/Taylor-Swift-fan-dies-in-a-concert.jpg\" alt=\"\" width=\"800\" height=\"533\" title=\"\" srcset=\"https:\/\/www.musicmundial.com\/en\/wp-content\/uploads\/2023\/11\/Taylor-Swift-fan-dies-in-a-concert.jpg 800w, https:\/\/www.musicmundial.com\/en\/wp-content\/uploads\/2023\/11\/Taylor-Swift-fan-dies-in-a-concert-300x200.jpg 300w, https:\/\/www.musicmundial.com\/en\/wp-content\/uploads\/2023\/11\/Taylor-Swift-fan-dies-in-a-concert-768x512.jpg 768w, https:\/\/www.musicmundial.com\/en\/wp-content\/uploads\/2023\/11\/Taylor-Swift-fan-dies-in-a-concert-750x500.jpg 750w\" sizes=\"auto, (max-width: 800px) 100vw, 800px\" \/><\/p>\n<p>As a result, the Rio de Janeiro mayor,<strong> Eduardo Paes<\/strong>, announced new measures that the company must comply with for the upcoming shows of the &#8220;Eras Tour.&#8221; These come after the T4F banned fans from bringing in water bottles to the stadium, threw away their electric fans, and covered air vents, so people from the outside couldn&#8217;t see the concert.<\/p>\n<p>The new measurements are the following:<\/p>\n<ul>\n<li>The anticipated entrance to the show by one hour to remove people from the sun.<\/li>\n<li>New water distribution points.<\/li>\n<li>Increased number of emergency responders.<\/li>\n<li>Increased number of ambulances.<\/li>\n<\/ul>\n<p>In addition, the major addressed the passing of Ana Benevidez through his<strong> X<\/strong> profile. Here&#8217;s his statement translated from Portuguese:<\/p>\n<figure class=\"wp-block-pullquote\">\n        <blockquote><p>&#8220;The loss of a young life yesterday at the show is unacceptable. We are still gathering more details about the circumstances of what happened. In any case, I have already instructed the Executive Chief of Operations of the city to demand action from the show&#8217;s production.&#8221;<\/p><\/blockquote>\n        <\/figure>\n        \n<figure class=\"wp-block-pullquote\">\n        <blockquote hcb-fetch-image-from=\"https:\/\/twitter.com\/eduardopaes\/status\/1725851498683187602\" class=\"twitter-tweet\" data-width=\"550\" data-dnt=\"true\">\n<p lang=\"pt\" dir=\"ltr\">Inaceit\u00e1vel a perda da vida de uma jovem ontem no show no Engenh\u00e3o.  Obviamente, ainda estamos apurando mais detalhes das circunst\u00e2ncias do ocorrido.  De qualquer forma, j\u00e1 determinei ao Chefe Executivo de Opera\u00e7\u00f5es do munic\u00edpio que exija provid\u00eancias junto a produ\u00e7\u00e3o do show.\u2026<\/p>\n<p>&mdash; Eduardo Paes (@eduardopaes) <a href=\"https:\/\/twitter.com\/eduardopaes\/status\/1725851498683187602?ref_src=twsrc%5Etfw\" target=\"_blank\" rel=\"noopener\">November 18, 2023<\/a><\/p><\/blockquote>\n        <\/figure>\n        \n<p><script async src=\"https:\/\/platform.twitter.com\/widgets.js\" charset=\"utf-8\"><\/script><\/p>\n","protected":false},"excerpt":{"rendered":"<p>&#8220;The Eras Tour&#8221; by Taylor Swift kicked off in Rio de Janeiro, Brazil, yesterday, November 17th. Tragically, fan Ana Benevidez passed and approximately 1,000 concert-goers fainted. This was due to the extreme weather conditions and the poor logistics the T4T Entertainment company had while coordinating the show. As a result, the Rio de Janeiro mayor, [&hellip;]<\/p>\n","protected":false},"author":3104,"featured_media":94877,"comment_status":"open","ping_status":"open","sticky":false,"template":"","format":"standard","meta":{"footnotes":""},"categories":[1425,2264,7],"tags":[22],"tmauthors":[],"class_list":{"0":"post-94875","1":"post","2":"type-post","3":"status-publish","4":"format-standard","5":"has-post-thumbnail","7":"category-concert","8":"category-entertainment","9":"category-news","10":"tag-taylor-swift"},"amp_enabled":true,"_links":{"self":[{"href":"https:\/\/www.musicmundial.com\/en\/wp-json\/wp\/v2\/posts\/94875","targetHints":{"allow":["GET"]}}],"collection":[{"href":"https:\/\/www.musicmundial.com\/en\/wp-json\/wp\/v2\/posts"}],"about":[{"href":"https:\/\/www.musicmundial.com\/en\/wp-json\/wp\/v2\/types\/post"}],"author":[{"embeddable":true,"href":"https:\/\/www.musicmundial.com\/en\/wp-json\/wp\/v2\/users\/3104"}],"replies":[{"embeddable":true,"href":"https:\/\/www.musicmundial.com\/en\/wp-json\/wp\/v2\/comments?post=94875"}],"version-history":[{"count":0,"href":"https:\/\/www.musicmundial.com\/en\/wp-json\/wp\/v2\/posts\/94875\/revisions"}],"wp:featuredmedia":[{"embeddable":true,"href":"https:\/\/www.musicmundial.com\/en\/wp-json\/wp\/v2\/media\/94877"}],"wp:attachment":[{"href":"https:\/\/www.musicmundial.com\/en\/wp-json\/wp\/v2\/media?parent=94875"}],"wp:term":[{"taxonomy":"category","embeddable":true,"href":"https:\/\/www.musicmundial.com\/en\/wp-json\/wp\/v2\/categories?post=94875"},{"taxonomy":"post_tag","embeddable":true,"href":"https:\/\/www.musicmundial.com\/en\/wp-json\/wp\/v2\/tags?post=94875"},{"taxonomy":"tmauthors","embeddable":true,"href":"https:\/\/www.musicmundial.com\/en\/wp-json\/wp\/v2\/tmauthors?post=94875"}],"curies":[{"name":"wp","href":"https:\/\/api.w.org\/{rel}","templated":true}]}}