{"id":68974,"date":"2023-05-12T11:54:34","date_gmt":"2023-05-12T18:54:34","guid":{"rendered":"https:\/\/www.musicmundial.com\/en\/?p=68974"},"modified":"2023-05-12T11:54:34","modified_gmt":"2023-05-12T18:54:34","slug":"prince-harry-was-not-afraid-of-saying-that-he-is-fed-up-with-the-way-the-royal-family-treats-him-during-the-coronation","status":"publish","type":"post","link":"https:\/\/www.musicmundial.com\/en\/prince-harry-was-not-afraid-of-saying-that-he-is-fed-up-with-the-way-the-royal-family-treats-him-during-the-coronation\/","title":{"rendered":"Prince Harry was not afraid of saying that he is fed up with the way the royal family treats him during the coronation"},"content":{"rendered":"<p><strong>Prince Harry<\/strong> complained about the constant mistreatment that he and his wife, Meghan Markle, receive from the <strong>royal family<\/strong> during King Charles III and Camilla Parker\u2019s coronation. During the event, Harry was having a conversation with Jack Brooksbank and was<strong> not afraid<\/strong> of bringing up the topic.<\/p>\n<p>Jeremy Freeman, a lip reader expert that was present at the coronation, claimed that Harry was complaining to Jack about everything he has gone through:<strong><em> \u201cI am fed up with the way they treat me. It is not an ideal situation.\u201d<\/em><\/strong><\/p>\n<p><img loading=\"lazy\" loading=\"lazy\" decoding=\"async\" class=\"alignnone size-full wp-image-68976\" src=\"https:\/\/www.musicmundial.com\/en\/wp-content\/uploads\/2023\/05\/Prince-Harry-was-not-afraid-of-saying-that-he-is-fed-up-with-the-way-the-royal-family-treats-him-during-the-coronation.jpg\" alt=\"\" width=\"800\" height=\"500\" title=\"\" srcset=\"https:\/\/www.musicmundial.com\/en\/wp-content\/uploads\/2023\/05\/Prince-Harry-was-not-afraid-of-saying-that-he-is-fed-up-with-the-way-the-royal-family-treats-him-during-the-coronation.jpg 800w, https:\/\/www.musicmundial.com\/en\/wp-content\/uploads\/2023\/05\/Prince-Harry-was-not-afraid-of-saying-that-he-is-fed-up-with-the-way-the-royal-family-treats-him-during-the-coronation-300x188.jpg 300w, https:\/\/www.musicmundial.com\/en\/wp-content\/uploads\/2023\/05\/Prince-Harry-was-not-afraid-of-saying-that-he-is-fed-up-with-the-way-the-royal-family-treats-him-during-the-coronation-768x480.jpg 768w, https:\/\/www.musicmundial.com\/en\/wp-content\/uploads\/2023\/05\/Prince-Harry-was-not-afraid-of-saying-that-he-is-fed-up-with-the-way-the-royal-family-treats-him-during-the-coronation-750x469.jpg 750w\" sizes=\"auto, (max-width: 800px) 100vw, 800px\" \/><\/p>\n<p>Although it is not clear what he was complaining about, many royal experts believe that he was talking about the British royal family due to all the controversies they have been <strong>involved<\/strong> in due to Harry\u2019s <strong>declarations<\/strong> in his memoir,<em> Spare<\/em>.<\/p>\n<p>It is also highly possible that he was talking about the media because he is currently involved in a<strong> lawsuit<\/strong> against several British tabloids for allegedly<strong> hacking<\/strong> his phone, including the Daily Mail, and Mail on Sunday.<\/p>\n<figure class=\"wp-block-pullquote\">\n        <blockquote hcb-fetch-image-from=\"https:\/\/twitter.com\/mult_mundial\/status\/1657067273503272962\" class=\"twitter-tweet\" data-width=\"550\" data-dnt=\"true\">\n<p lang=\"es\" dir=\"ltr\">En plena ceremonia de coronaci\u00f3n, el pr\u00edncipe Harry revel\u00f3 que est\u00e1 harto de c\u00f3mo lo tratan (VIDEO) <a href=\"https:\/\/t.co\/wh7tc9m6Vu\">pic.twitter.com\/wh7tc9m6Vu<\/a><\/p>\n<p>&mdash; Music Mundial Multimedia (@mult_mundial) <a href=\"https:\/\/twitter.com\/mult_mundial\/status\/1657067273503272962?ref_src=twsrc%5Etfw\" target=\"_blank\" rel=\"noopener\">May 12, 2023<\/a><\/p><\/blockquote>\n        <\/figure>\n        \n<p><script async src=\"https:\/\/platform.twitter.com\/widgets.js\" charset=\"utf-8\"><\/script><\/p>\n","protected":false},"excerpt":{"rendered":"<p>Prince Harry complained about the constant mistreatment that he and his wife, Meghan Markle, receive from the royal family during King Charles III and Camilla Parker\u2019s coronation. During the event, Harry was having a conversation with Jack Brooksbank and was not afraid of bringing up the topic. Jeremy Freeman, a lip reader expert that was [&hellip;]<\/p>\n","protected":false},"author":3102,"featured_media":68975,"comment_status":"open","ping_status":"open","sticky":false,"template":"","format":"standard","meta":{"footnotes":""},"categories":[7,1795,950],"tags":[1627,1939],"tmauthors":[],"class_list":{"0":"post-68974","1":"post","2":"type-post","3":"status-publish","4":"format-standard","5":"has-post-thumbnail","7":"category-news","8":"category-royal-family","9":"category-showbiz","10":"tag-prince-harry","11":"tag-royal-family"},"amp_enabled":true,"_links":{"self":[{"href":"https:\/\/www.musicmundial.com\/en\/wp-json\/wp\/v2\/posts\/68974","targetHints":{"allow":["GET"]}}],"collection":[{"href":"https:\/\/www.musicmundial.com\/en\/wp-json\/wp\/v2\/posts"}],"about":[{"href":"https:\/\/www.musicmundial.com\/en\/wp-json\/wp\/v2\/types\/post"}],"author":[{"embeddable":true,"href":"https:\/\/www.musicmundial.com\/en\/wp-json\/wp\/v2\/users\/3102"}],"replies":[{"embeddable":true,"href":"https:\/\/www.musicmundial.com\/en\/wp-json\/wp\/v2\/comments?post=68974"}],"version-history":[{"count":0,"href":"https:\/\/www.musicmundial.com\/en\/wp-json\/wp\/v2\/posts\/68974\/revisions"}],"wp:featuredmedia":[{"embeddable":true,"href":"https:\/\/www.musicmundial.com\/en\/wp-json\/wp\/v2\/media\/68975"}],"wp:attachment":[{"href":"https:\/\/www.musicmundial.com\/en\/wp-json\/wp\/v2\/media?parent=68974"}],"wp:term":[{"taxonomy":"category","embeddable":true,"href":"https:\/\/www.musicmundial.com\/en\/wp-json\/wp\/v2\/categories?post=68974"},{"taxonomy":"post_tag","embeddable":true,"href":"https:\/\/www.musicmundial.com\/en\/wp-json\/wp\/v2\/tags?post=68974"},{"taxonomy":"tmauthors","embeddable":true,"href":"https:\/\/www.musicmundial.com\/en\/wp-json\/wp\/v2\/tmauthors?post=68974"}],"curies":[{"name":"wp","href":"https:\/\/api.w.org\/{rel}","templated":true}]}}