{"id":63307,"date":"2023-03-30T13:54:33","date_gmt":"2023-03-30T20:54:33","guid":{"rendered":"https:\/\/www.musicmundial.com\/en\/?p=63307"},"modified":"2023-03-30T13:54:33","modified_gmt":"2023-03-30T20:54:33","slug":"clara-chia-marti-is-seen-in-public-accompanied-by-shakiras-children","status":"publish","type":"post","link":"https:\/\/www.musicmundial.com\/en\/clara-chia-marti-is-seen-in-public-accompanied-by-shakiras-children\/","title":{"rendered":"Clara Chia Mart\u00ed is seen in public accompanied by Shakira\u2019s children"},"content":{"rendered":"<p><strong>Clara Ch\u00eda<\/strong> attended Kings League\u2019s final this past weekend. The tournament is sponsored by her boyfriend Gerard Piqu\u00e9 and his company Kosmos. During the event, something drew all the attention of the attendees: Shakira\u2019s children were with the former model event it was previously reported that the Colombian artist does not like her and wants her to <strong>stay away<\/strong> from her children.<\/p>\n<p>A TikTok user shared a video with the caption<em> \u2018\u2019Clara Ch\u00eda with Piqu\u00e9 and his children\u2019\u2019<\/em> and it went <strong>viral<\/strong> immediately on almost every social media site. However, the reality is totally different as the former soccer player was talking with a blond woman but it was not Clara Ch\u00eda Mart\u00ed.<\/p>\n<p><img loading=\"lazy\" loading=\"lazy\" decoding=\"async\" class=\"alignnone size-full wp-image-63308\" src=\"https:\/\/www.musicmundial.com\/en\/wp-content\/uploads\/2023\/03\/Clara-Chia-Marti-is-seen-in-public-accompanied-by-Shakiras-children.jpg\" alt=\"\" width=\"800\" height=\"500\" title=\"\" srcset=\"https:\/\/www.musicmundial.com\/en\/wp-content\/uploads\/2023\/03\/Clara-Chia-Marti-is-seen-in-public-accompanied-by-Shakiras-children.jpg 800w, https:\/\/www.musicmundial.com\/en\/wp-content\/uploads\/2023\/03\/Clara-Chia-Marti-is-seen-in-public-accompanied-by-Shakiras-children-300x188.jpg 300w, https:\/\/www.musicmundial.com\/en\/wp-content\/uploads\/2023\/03\/Clara-Chia-Marti-is-seen-in-public-accompanied-by-Shakiras-children-768x480.jpg 768w, https:\/\/www.musicmundial.com\/en\/wp-content\/uploads\/2023\/03\/Clara-Chia-Marti-is-seen-in-public-accompanied-by-Shakiras-children-750x469.jpg 750w\" sizes=\"auto, (max-width: 800px) 100vw, 800px\" \/><\/p>\n<p>Despite this, the El Nacional Newspaper posted an article named: <em>\u201cGerard Piqu\u00e9 stabbed Shakira: First picture of Clara Ch\u00eda, Mil\u00e1n, and Sasha together\u201d<\/em> which led to the <strong>rumor s<\/strong>preading quickly.<\/p>\n<p>The mysterious blonde woman who was having a <strong>conversation<\/strong> with Piqu\u00e9 is Anna Tormo. One of the most important figures of Kosmos, a company which is run by Gerard Piqu\u00e9. This explains why she was there as the event that Milan and Sasha attended was organized by them.<\/p>\n","protected":false},"excerpt":{"rendered":"<p>Clara Ch\u00eda attended Kings League\u2019s final this past weekend. The tournament is sponsored by her boyfriend Gerard Piqu\u00e9 and his company Kosmos. During the event, something drew all the attention of the attendees: Shakira\u2019s children were with the former model event it was previously reported that the Colombian artist does not like her and wants [&hellip;]<\/p>\n","protected":false},"author":3102,"featured_media":63309,"comment_status":"open","ping_status":"open","sticky":false,"template":"","format":"standard","meta":{"footnotes":""},"categories":[72,7,950,1361],"tags":[1539],"tmauthors":[],"class_list":{"0":"post-63307","1":"post","2":"type-post","3":"status-publish","4":"format-standard","5":"has-post-thumbnail","7":"category-latin","8":"category-news","9":"category-showbiz","10":"category-social-network","11":"tag-shakira"},"amp_enabled":true,"_links":{"self":[{"href":"https:\/\/www.musicmundial.com\/en\/wp-json\/wp\/v2\/posts\/63307","targetHints":{"allow":["GET"]}}],"collection":[{"href":"https:\/\/www.musicmundial.com\/en\/wp-json\/wp\/v2\/posts"}],"about":[{"href":"https:\/\/www.musicmundial.com\/en\/wp-json\/wp\/v2\/types\/post"}],"author":[{"embeddable":true,"href":"https:\/\/www.musicmundial.com\/en\/wp-json\/wp\/v2\/users\/3102"}],"replies":[{"embeddable":true,"href":"https:\/\/www.musicmundial.com\/en\/wp-json\/wp\/v2\/comments?post=63307"}],"version-history":[{"count":0,"href":"https:\/\/www.musicmundial.com\/en\/wp-json\/wp\/v2\/posts\/63307\/revisions"}],"wp:featuredmedia":[{"embeddable":true,"href":"https:\/\/www.musicmundial.com\/en\/wp-json\/wp\/v2\/media\/63309"}],"wp:attachment":[{"href":"https:\/\/www.musicmundial.com\/en\/wp-json\/wp\/v2\/media?parent=63307"}],"wp:term":[{"taxonomy":"category","embeddable":true,"href":"https:\/\/www.musicmundial.com\/en\/wp-json\/wp\/v2\/categories?post=63307"},{"taxonomy":"post_tag","embeddable":true,"href":"https:\/\/www.musicmundial.com\/en\/wp-json\/wp\/v2\/tags?post=63307"},{"taxonomy":"tmauthors","embeddable":true,"href":"https:\/\/www.musicmundial.com\/en\/wp-json\/wp\/v2\/tmauthors?post=63307"}],"curies":[{"name":"wp","href":"https:\/\/api.w.org\/{rel}","templated":true}]}}