{"id":137068,"date":"2025-01-31T09:31:26","date_gmt":"2025-01-31T17:31:26","guid":{"rendered":"https:\/\/www.musicmundial.com\/en\/?p=137068"},"modified":"2025-01-31T09:31:26","modified_gmt":"2025-01-31T17:31:26","slug":"following-the-reemergence-of-a-racist-bts-tweet-karla-sofia-gascon-is-facing-criticism","status":"publish","type":"post","link":"https:\/\/www.musicmundial.com\/en\/following-the-reemergence-of-a-racist-bts-tweet-karla-sofia-gascon-is-facing-criticism\/","title":{"rendered":"Following the reemergence of a racist BTS tweet, Karla Sof\u00eda Gasc\u00f3n is facing criticism"},"content":{"rendered":"<p>The Oscar-nominated actress, <strong>Karla Sof\u00eda Gasc\u00f3n<\/strong> has been under the eye of scrutiny following a series of comments which resurfaced online after Variety made a short but substantial article about the times the actress has been making politically incorrect comments, including those towards <strong>BTS.<\/strong><\/p>\n<p><strong>Recently, a set of now-deleted tweets from Gasc\u00f3n went viral for being racist<\/strong>. However, the BTS one garnered a greater audience and ultimately became a hot topic on social media, which sparked <strong>anger<\/strong> among BTS fans, better known as ARMY.<\/p>\n<p>The actress expressed her discontent about BTS\u2019 success, particularly in <em>\u201cX\u201d<\/em> (Formerly known as Twitter), stating the idols were <strong><em>\u201cF***ing Chinese BTS.\u201d<\/em> <\/strong>ARMY were outraged after the comments and sent hate trains towards the actress.<\/p>\n<p><img loading=\"lazy\" loading=\"lazy\" decoding=\"async\" class=\"alignnone size-full wp-image-137071\" src=\"https:\/\/www.musicmundial.com\/en\/wp-content\/uploads\/2025\/01\/Karla-Sofia-Gascon-racist-comments-towards-BTS.jpg\" alt=\"\" width=\"1200\" height=\"800\" title=\"\" srcset=\"https:\/\/www.musicmundial.com\/en\/wp-content\/uploads\/2025\/01\/Karla-Sofia-Gascon-racist-comments-towards-BTS.jpg 1200w, https:\/\/www.musicmundial.com\/en\/wp-content\/uploads\/2025\/01\/Karla-Sofia-Gascon-racist-comments-towards-BTS-300x200.jpg 300w, https:\/\/www.musicmundial.com\/en\/wp-content\/uploads\/2025\/01\/Karla-Sofia-Gascon-racist-comments-towards-BTS-1024x683.jpg 1024w, https:\/\/www.musicmundial.com\/en\/wp-content\/uploads\/2025\/01\/Karla-Sofia-Gascon-racist-comments-towards-BTS-768x512.jpg 768w, https:\/\/www.musicmundial.com\/en\/wp-content\/uploads\/2025\/01\/Karla-Sofia-Gascon-racist-comments-towards-BTS-1100x733.jpg 1100w, https:\/\/www.musicmundial.com\/en\/wp-content\/uploads\/2025\/01\/Karla-Sofia-Gascon-racist-comments-towards-BTS-680x453.jpg 680w, https:\/\/www.musicmundial.com\/en\/wp-content\/uploads\/2025\/01\/Karla-Sofia-Gascon-racist-comments-towards-BTS-200x133.jpg 200w\" sizes=\"auto, (max-width: 1200px) 100vw, 1200px\" \/><\/p>\n<p>On Reddit, new posts support the idea Karla Sof\u00eda Gasc\u00f3n shouldn\u2019t have big roles and have a platform to spread her hate toward other communities. Racism is something that is not tolerated by the K-Netizens and they did the impossible until she<strong> addressed<\/strong> the situation.<\/p>\n<figure class=\"wp-block-pullquote\">\n        <blockquote><p>\u201cI want to acknowledge the conversation around my past social media posts that have caused hurt. As someone in a <strong>marginalized<\/strong> community, I know this suffering all too well and I am deeply sorry to those I have caused pain. All my life I have fought for a better world. I believe light will always triumph over darkness.\u201d<\/p><\/blockquote>\n        <\/figure>\n        \n","protected":false},"excerpt":{"rendered":"<p>The Oscar-nominated actress, Karla Sof\u00eda Gasc\u00f3n has been under the eye of scrutiny following a series of comments which resurfaced online after Variety made a short but substantial article about the times the actress has been making politically incorrect comments, including those towards BTS. Recently, a set of now-deleted tweets from Gasc\u00f3n went viral for [&hellip;]<\/p>\n","protected":false},"author":3102,"featured_media":137069,"comment_status":"closed","ping_status":"open","sticky":false,"template":"","format":"standard","meta":{"footnotes":""},"categories":[2264,16,950],"tags":[49],"tmauthors":[],"class_list":{"0":"post-137068","1":"post","2":"type-post","3":"status-publish","4":"format-standard","5":"has-post-thumbnail","7":"category-entertainment","8":"category-kpop","9":"category-showbiz","10":"tag-bts"},"amp_enabled":true,"_links":{"self":[{"href":"https:\/\/www.musicmundial.com\/en\/wp-json\/wp\/v2\/posts\/137068","targetHints":{"allow":["GET"]}}],"collection":[{"href":"https:\/\/www.musicmundial.com\/en\/wp-json\/wp\/v2\/posts"}],"about":[{"href":"https:\/\/www.musicmundial.com\/en\/wp-json\/wp\/v2\/types\/post"}],"author":[{"embeddable":true,"href":"https:\/\/www.musicmundial.com\/en\/wp-json\/wp\/v2\/users\/3102"}],"replies":[{"embeddable":true,"href":"https:\/\/www.musicmundial.com\/en\/wp-json\/wp\/v2\/comments?post=137068"}],"version-history":[{"count":0,"href":"https:\/\/www.musicmundial.com\/en\/wp-json\/wp\/v2\/posts\/137068\/revisions"}],"wp:featuredmedia":[{"embeddable":true,"href":"https:\/\/www.musicmundial.com\/en\/wp-json\/wp\/v2\/media\/137069"}],"wp:attachment":[{"href":"https:\/\/www.musicmundial.com\/en\/wp-json\/wp\/v2\/media?parent=137068"}],"wp:term":[{"taxonomy":"category","embeddable":true,"href":"https:\/\/www.musicmundial.com\/en\/wp-json\/wp\/v2\/categories?post=137068"},{"taxonomy":"post_tag","embeddable":true,"href":"https:\/\/www.musicmundial.com\/en\/wp-json\/wp\/v2\/tags?post=137068"},{"taxonomy":"tmauthors","embeddable":true,"href":"https:\/\/www.musicmundial.com\/en\/wp-json\/wp\/v2\/tmauthors?post=137068"}],"curies":[{"name":"wp","href":"https:\/\/api.w.org\/{rel}","templated":true}]}}